{"id":7279,"date":"2026-08-21T18:07:55","date_gmt":"2026-08-21T21:07:55","guid":{"rendered":"https:\/\/uniespsa.com.br\/uniesb\/?p=7279"},"modified":"2026-08-21T18:07:55","modified_gmt":"2026-08-21T21:07:55","slug":"uniesp-promove-palestras-sobre-igualdade-de-genero-agua-potavel-e-saneamento","status":"publish","type":"post","link":"https:\/\/uniespsa.com.br\/uniesb\/noticias\/uniesp-promove-palestras-sobre-igualdade-de-genero-agua-potavel-e-saneamento\/","title":{"rendered":"UNIESP promove palestras sobre igualdade de g\u00eanero, \u00e1gua pot\u00e1vel e saneamento"},"content":{"rendered":"<p>No dia <strong>29 de agosto de 2026<\/strong>, a UNIESP S\/A e seus Centros Universit\u00e1rios promover\u00e3o duas palestras on-line sobre os Objetivos de Desenvolvimento Sustent\u00e1vel (ODS), destacando a contribui\u00e7\u00e3o dos projetos extensionistas para a transforma\u00e7\u00e3o social e o desenvolvimento sustent\u00e1vel.<\/p>\n<p>\u00c0s <strong>9h30<\/strong>, a palestra sobre o <strong>ODS 5 \u2014 Igualdade de G\u00eanero<\/strong> contar\u00e1 com a participa\u00e7\u00e3o de <strong>Ieda Maria Munh\u00f3s Benedetti<\/strong>, Pr\u00f3-Reitora de Diversidade e Inclus\u00e3o da UNIESP, e <strong>Vanessa Ester Ferreira Nunes<\/strong>, Pr\u00f3-Reitora de Pesquisa e Extens\u00e3o do Grupo UNIESP. O encontro abordar\u00e1 a import\u00e2ncia do conhecimento, do di\u00e1logo e das a\u00e7\u00f5es extensionistas para a constru\u00e7\u00e3o de uma sociedade mais justa, diversa e inclusiva.<\/p>\n<p>Na sequ\u00eancia, \u00e0s <strong>10h45<\/strong>, ser\u00e1 realizada a palestra sobre o <strong>ODS 6 \u2014 \u00c1gua Pot\u00e1vel e Saneamento<\/strong>, com <strong>Murilo de Souza Ferreira<\/strong>, mestre e doutor na \u00e1rea de Engenharia Hidr\u00e1ulica e Saneamento, e <strong>Vanessa Ester Ferreira Nunes<\/strong>. A programa\u00e7\u00e3o promover\u00e1 reflex\u00f5es sobre gest\u00e3o dos recursos h\u00eddricos, acesso \u00e0 \u00e1gua segura, saneamento b\u00e1sico e o papel das institui\u00e7\u00f5es de ensino na busca por solu\u00e7\u00f5es sustent\u00e1veis.<\/p>\n<p>As palestras ser\u00e3o transmitidas ao vivo pelo <strong>canal da UNIESP no YouTube<\/strong>. Toda a comunidade acad\u00eamica e o p\u00fablico em geral est\u00e3o convidados a participar.<\/p>\n<p><strong>Programa\u00e7\u00e3o<\/strong><\/p>\n<p><strong>9h30 \u2014 ODS 5: Igualdade de G\u00eanero<\/strong><br \/>\nCom Ieda Maria Munh\u00f3s Benedetti e Vanessa Ester Ferreira Nunes<\/p>\n<p><span style=\"text-decoration: underline;\"><span style=\"color: #0000ff;\"><a style=\"color: #0000ff; text-decoration: underline;\" href=\"https:\/\/www.sympla.com.br\/evento-online\/ods-5---igualdade-de-gEnero\/3549880\" target=\"_blank\" rel=\"noopener\">https:\/\/www.sympla.com.br\/evento-online\/ods-5&#8212;igualdade-de-gEnero\/3549880<\/a><\/span><\/span><\/p>\n<p><strong>\u00a0<\/strong><\/p>\n<p><strong>10h45 \u2014 ODS 6: \u00c1gua Pot\u00e1vel e Saneamento<\/strong><br \/>\nCom Murilo de Souza Ferreira e Vanessa Ester Ferreira Nunes<\/p>\n<p><span style=\"text-decoration: underline;\"><span style=\"color: #0000ff;\"><a style=\"color: #0000ff; text-decoration: underline;\" href=\"https:\/\/www.sympla.com.br\/evento-online\/ods-6---Agua-e-saneamento\/3549889\" target=\"_blank\" rel=\"noopener\">https:\/\/www.sympla.com.br\/evento-online\/ods-6&#8212;Agua-e-saneamento\/3549889<\/a><\/span><\/span><\/p>\n<p><strong>Data:<\/strong> 29 de agosto de 2026<br \/>\n<strong>Formato:<\/strong> On-line<br \/>\n<strong>Transmiss\u00e3o:<\/strong> Canal da UNIESP no YouTube<\/p>\n<p>O evento \u00e9 promovido pela <strong>UNIESP S\/A<\/strong>, pelo <strong>Centro Universit\u00e1rio Bauruense (UNIESB)<\/strong>, pelo <strong>Centro Universit\u00e1rio de Andradina (UNIANDRADINA)<\/strong>, pelo <strong>Centro Universit\u00e1rio do Rio de Janeiro (UNIRJ)<\/strong>, pelo <strong>Centro Universit\u00e1rio de Suzano (UNISUZ)<\/strong>, pelo <strong>Centro Universit\u00e1rio de Presidente Prudente (UNIPRUDENTE)<\/strong> e pelo <strong>Centro Universit\u00e1rio de Mau\u00e1 (UNI-FAMA)<\/strong>.<\/p>\n","protected":false},"excerpt":{"rendered":"<p>No dia 29 de agosto de 2026, a UNIESP S\/A e seus Centros Universit\u00e1rios promover\u00e3o duas palestras on-line sobre os Objetivos de Desenvolvimento Sustent\u00e1vel (ODS), destacando a contribui\u00e7\u00e3o dos projetos extensionistas para a transforma\u00e7\u00e3o social e o desenvolvimento sustent\u00e1vel. \u00c0s 9h30, a palestra sobre o ODS 5 \u2014 Igualdade de G\u00eanero contar\u00e1 com a participa\u00e7\u00e3o [&hellip;]<\/p>\n","protected":false},"author":1,"featured_media":7280,"comment_status":"open","ping_status":"open","sticky":false,"template":"","format":"standard","meta":{"footnotes":""},"categories":[2],"tags":[],"class_list":["post-7279","post","type-post","status-publish","format-standard","has-post-thumbnail","hentry","category-noticias"],"_links":{"self":[{"href":"https:\/\/uniespsa.com.br\/uniesb\/wp-json\/wp\/v2\/posts\/7279","targetHints":{"allow":["GET"]}}],"collection":[{"href":"https:\/\/uniespsa.com.br\/uniesb\/wp-json\/wp\/v2\/posts"}],"about":[{"href":"https:\/\/uniespsa.com.br\/uniesb\/wp-json\/wp\/v2\/types\/post"}],"author":[{"embeddable":true,"href":"https:\/\/uniespsa.com.br\/uniesb\/wp-json\/wp\/v2\/users\/1"}],"replies":[{"embeddable":true,"href":"https:\/\/uniespsa.com.br\/uniesb\/wp-json\/wp\/v2\/comments?post=7279"}],"version-history":[{"count":1,"href":"https:\/\/uniespsa.com.br\/uniesb\/wp-json\/wp\/v2\/posts\/7279\/revisions"}],"predecessor-version":[{"id":7282,"href":"https:\/\/uniespsa.com.br\/uniesb\/wp-json\/wp\/v2\/posts\/7279\/revisions\/7282"}],"wp:featuredmedia":[{"embeddable":true,"href":"https:\/\/uniespsa.com.br\/uniesb\/wp-json\/wp\/v2\/media\/7280"}],"wp:attachment":[{"href":"https:\/\/uniespsa.com.br\/uniesb\/wp-json\/wp\/v2\/media?parent=7279"}],"wp:term":[{"taxonomy":"category","embeddable":true,"href":"https:\/\/uniespsa.com.br\/uniesb\/wp-json\/wp\/v2\/categories?post=7279"},{"taxonomy":"post_tag","embeddable":true,"href":"https:\/\/uniespsa.com.br\/uniesb\/wp-json\/wp\/v2\/tags?post=7279"}],"curies":[{"name":"wp","href":"https:\/\/api.w.org\/{rel}","templated":true}]}}